{"id":25809,"date":"2026-02-19T11:39:03","date_gmt":"2026-02-19T14:39:03","guid":{"rendered":"https:\/\/ases-df.org.br\/novo\/?p=25809"},"modified":"2026-02-19T11:39:03","modified_gmt":"2026-02-19T14:39:03","slug":"%f0%9f%8e%ad%e2%9c%a8-matine-de-carnaval-2026-abre-o-calendario-do-clube-ases-com-alegria-musica-e-diversao-para-toda-a-familia","status":"publish","type":"post","link":"https:\/\/ases-df.org.br\/novo\/%f0%9f%8e%ad%e2%9c%a8-matine-de-carnaval-2026-abre-o-calendario-do-clube-ases-com-alegria-musica-e-diversao-para-toda-a-familia\/","title":{"rendered":"\ud83c\udfad\u2728 Matin\u00ea de Carnaval 2026 abre o calend\u00e1rio do Clube Ases com alegria, m\u00fasica e divers\u00e3o para toda a fam\u00edlia"},"content":{"rendered":"<p style=\"margin-bottom: 16px;\">No \u00faltimo s\u00e1bado, 14 de fevereiro, o Clube Ases iniciou o calend\u00e1rio de eventos de 2026 em clima de festa com a tradicional Matin\u00ea de Carnaval \u2014 um evento pensado especialmente para o p\u00fablico infantil, mas que contagiou e reuniu fam\u00edlias inteiras em uma tarde de muita alegria, cores e confraterniza\u00e7\u00e3o. \ud83d\udc68\u200d\ud83d\udc69\u200d\ud83d\udc67\u200d\ud83d\udc66\ud83c\udf89<\/p>\n<p style=\"margin-bottom: 16px;\">A edi\u00e7\u00e3o deste ano trouxe uma energia especial com a participa\u00e7\u00e3o da DJ Rafaela Ramos, de apenas 10 anos, que animou a pista com m\u00fasicas cl\u00e1ssicas de Carnaval e sucessos infantis, garantindo divers\u00e3o do come\u00e7o ao fim. \ud83c\udfa7\ud83c\udfb6<\/p>\n<p style=\"margin-bottom: 16px;\">A anima\u00e7\u00e3o tamb\u00e9m ficou por conta do grupo Recreya, que conduziu concurso de fantasias, gincanas e brincadeiras, al\u00e9m de proporcionar momentos l\u00fadicos com pintura de rosto e esculturas com bexigas de bal\u00e3o, formando bichinhos e personagens e encantando as crian\u00e7as, tornando a experi\u00eancia ainda mais divertida e interativa. \ud83e\udd73\ud83c\udfa8\ud83c\udf88<\/p>\n<p style=\"margin-bottom: 16px;\">A festa contou com hamb\u00farguer \ud83c\udf54, pipoca \ud83c\udf7f, mini churros, mini pizza \ud83c\udf55, refrigerante, \u00e1gua de coco \ud83e\udd65 e frutas \ud83c\udf49\ud83c\udf4d, al\u00e9m de decora\u00e7\u00e3o especial e adere\u00e7os carnavalescos, que deixaram o ambiente ainda mais colorido e festivo.<\/p>\n<p style=\"margin-bottom: 16px;\">Outro destaque foi a oportunidade para associados e usu\u00e1rios conferirem as primeiras etapas da climatiza\u00e7\u00e3o do Sal\u00e3o de Festas, trazendo mais conforto e bem-estar durante o evento. \u2744\ufe0f\u2728<\/p>\n<p style=\"margin-bottom: 16px;\">\u201c\u00c9 uma alegria abrir nosso calend\u00e1rio de eventos com uma festa t\u00e3o bonita, acolhedora e familiar. Agrade\u00e7o a todas as fam\u00edlias, \u00e0 nossa equipe e a todos que participaram e ajudaram a construir esse momento especial no Clube Ases\u201d, destacou o presidente do Clube Ases, Ablleython Ribeiro.<\/p>\n<p style=\"margin-bottom: 16px;\">O ano come\u00e7ou com muita energia positiva \u2014 e vem muito mais por a\u00ed! \ud83c\udfad\ud83d\udc99<\/p>\n<p style=\"margin-bottom: 16px;\">Assessoria de Comunica\u00e7\u00e3o Clube Ases<\/p>\n","protected":false},"excerpt":{"rendered":"<p>No \u00faltimo s\u00e1bado, 14 de fevereiro, o Clube Ases iniciou o calend\u00e1rio de eventos de 2026 em clima de festa com a tradicional Matin\u00ea de Carnaval \u2014 um evento pensado especialmente para o p\u00fablico infantil, mas que contagiou e reuniu fam\u00edlias inteiras em uma tarde&#8230;<\/p>\n","protected":false},"author":3,"featured_media":25812,"comment_status":"open","ping_status":"open","sticky":false,"template":"","format":"standard","meta":{"footnotes":""},"categories":[8,9,17,20,7,10],"tags":[],"_links":{"self":[{"href":"https:\/\/ases-df.org.br\/novo\/wp-json\/wp\/v2\/posts\/25809"}],"collection":[{"href":"https:\/\/ases-df.org.br\/novo\/wp-json\/wp\/v2\/posts"}],"about":[{"href":"https:\/\/ases-df.org.br\/novo\/wp-json\/wp\/v2\/types\/post"}],"author":[{"embeddable":true,"href":"https:\/\/ases-df.org.br\/novo\/wp-json\/wp\/v2\/users\/3"}],"replies":[{"embeddable":true,"href":"https:\/\/ases-df.org.br\/novo\/wp-json\/wp\/v2\/comments?post=25809"}],"version-history":[{"count":1,"href":"https:\/\/ases-df.org.br\/novo\/wp-json\/wp\/v2\/posts\/25809\/revisions"}],"predecessor-version":[{"id":25811,"href":"https:\/\/ases-df.org.br\/novo\/wp-json\/wp\/v2\/posts\/25809\/revisions\/25811"}],"wp:featuredmedia":[{"embeddable":true,"href":"https:\/\/ases-df.org.br\/novo\/wp-json\/wp\/v2\/media\/25812"}],"wp:attachment":[{"href":"https:\/\/ases-df.org.br\/novo\/wp-json\/wp\/v2\/media?parent=25809"}],"wp:term":[{"taxonomy":"category","embeddable":true,"href":"https:\/\/ases-df.org.br\/novo\/wp-json\/wp\/v2\/categories?post=25809"},{"taxonomy":"post_tag","embeddable":true,"href":"https:\/\/ases-df.org.br\/novo\/wp-json\/wp\/v2\/tags?post=25809"}],"curies":[{"name":"wp","href":"https:\/\/api.w.org\/{rel}","templated":true}]}}